{"id":930,"date":"2023-09-15T17:41:09","date_gmt":"2023-09-15T15:41:09","guid":{"rendered":"https:\/\/ecolemaudkristen.com\/blog\/?p=930"},"modified":"2023-12-05T09:31:12","modified_gmt":"2023-12-05T08:31:12","slug":"vos-croyances-sur-lintuition-pourraient-elles-evoluer","status":"publish","type":"post","link":"https:\/\/ecolemaudkristen.com\/blog\/?p=930","title":{"rendered":"Vos croyances sur l&rsquo;intuition pourraient-elles \u00e9voluer ?"},"content":{"rendered":"<h6><\/h6>\n<h2><span style=\"color: #993300;\">Comment se fier \u00e0 son intuition pour prendre des d\u00e9cisions ?<\/span><\/h2>\n<p>&nbsp;<\/p>\n<p>Vous est-il arriv\u00e9 de faire des <span style=\"color: #993300;\">r\u00eaves pr\u00e9monitoires<\/span> d\u2019avoir des <span style=\"color: #993300;\">pressentiments justes<\/span> de recevoir un <span style=\"color: #993300;\">signe<\/span> ?<br \/>\n<span style=\"color: #800000;\">Et s\u2019il \u00e9tait possible d\u2019apprendre \u00e0 se relier efficacement \u00e0 son 6<sup>e<\/sup> sens sans avoir besoin d\u2019\u00eatre endormi\u00a0?<\/span> Et de r\u00e9ussir \u00e0 percevoir des informations qui ne seraient pas uniquement des catastrophes\u00a0? <span style=\"color: #800000;\">De d\u00e9passer le stade de l\u2019intuition pour atteindre la clairvoyance, c\u2019est-\u00e0 dire de pouvoir ressentir des donn\u00e9es pr\u00e9cises sur des personnes ou des lieux ?<\/span><br \/>\n<span style=\"color: #800000;\">La r\u00e9ponse est oui\u00a0!<\/span><br \/>\nJe suis tr\u00e8s heureuse de vous pr\u00e9senter <span style=\"color: #800000;\">\u00ab Que s&rsquo;est- il pass\u00e9 derri\u00e8re cette fen\u00eatre ? \u00a0\u00bb,<\/span> un nouvel exercice de clairvoyance r\u00e9alis\u00e9 par mes \u00e9l\u00e8ves. Leurs ressentis vont certainement vous surprendre&#8230;<br \/>\nEt pour vous faire participer, je vous propose, \u00e0 la fin de cet article, de tenter vous aussi une exp\u00e9rience\u2026.<\/p>\n<p>&nbsp;<\/p>\n<p><iframe loading=\"lazy\" title=\"Que s\u2019est-il pass\u00e9 derri\u00e8re cette fen\u00eatre\u00a0? Exercice de clairvoyance n\u00b03.\" width=\"876\" height=\"493\" src=\"https:\/\/www.youtube.com\/embed\/BjUi7j7Pgdc?feature=oembed\" frameborder=\"0\" allow=\"accelerometer; autoplay; clipboard-write; encrypted-media; gyroscope; picture-in-picture; web-share\" allowfullscreen><\/iframe><\/p>\n<hr \/>\n<h2><span style=\"color: #993300;\">Existe-t-il des exercices pour d\u00e9velopper son intuition ?<\/span><span style=\"color: #c00000;\"><br \/>\n<\/span><\/h2>\n<p><span style=\"color: #c00000;\"><span style=\"color: #808080;\">&#8230; Pas de simples conseils, mais de vrais outils pour la d\u00e9ployer, la mesurer et avoir davantage confiance en elle.<\/span><br \/>\n<span style=\"color: #808080;\">L&rsquo;intuition naturelle surprend dans la vie quotidienne. Ceux qui la suivent s&rsquo;en f\u00e9licitent la plupart du temps. Mais comme la peur et le d\u00e9sir sont les principaux ennemis de la clairvoyance, c&rsquo;est souvent quand nous aurions le plus besoin de ses lumi\u00e8res que ses messages se brouillent.<\/span><br \/>\n<span style=\"color: #808080;\">Il n&rsquo;est pas facile de la d\u00e9velopper seul(e) sans risquer de devenir son propre cobaye.<\/span><br \/>\n<span style=\"color: #999999;\"><span style=\"color: #808080;\">Mais il existe une<span style=\"color: #800000;\"> m\u00e9thode qui permet de d\u00e9velopper son intuition- en quelques mois &#8211;<\/span> \u00e0 travers des exercices dont les r\u00e9sultats sont souvent bluffants.<\/span><br \/>\n<\/span><br \/>\n<\/span><\/p>\n<h2><span><span style=\"color: #993300;\">Est-ce que tout le monde peut d\u00e9velopper son intuition ?<\/span><br \/>\n<\/span><\/h2>\n<p>La plupart de mes \u00e9l\u00e8ves ne consid\u00e9raient pas avoir de don de voyance lorsqu\u2019ils ont pris la d\u00e9cision de se relier vraiment \u00e0 cette <span style=\"color: #800000;\">\u00ab petite voix \u00bb<\/span> qui, dans une situation complexe, leur avait parfois indiqu\u00e9 le bon choix, l&rsquo;action juste ou le moment opportun\u2026<br \/>\nIntuitifs, ils \u00e9taient seulement conscients de la r\u00e9alit\u00e9 de leur 6<sup>\u00e8me<\/sup> sens ou avaient \u00e9t\u00e9 troubl\u00e9s par leurs pressentiments. Pour cr\u00e9er un lien entre leur conscience ordinaire et leur capacit\u00e9s extrasensorielles <span style=\"color: #800000;\">&#8211; cette part d\u2019\u00e2me qui peut d\u00e9passer l\u2019espace et le temps-<\/span> ils ont eu envie de suivre une initiation qui pourrait les aider \u00e0 s&rsquo;orienter dans leur vie de tous les jours et de se rapprocher de leurs aspirations.<\/p>\n<p>Mais revenons \u00e0 <span style=\"color: #800000;\">\u00ab Que s&rsquo;est- il pass\u00e9 derri\u00e8re cette fen\u00eatre ? \u00a0\u00bb<\/span> pour r\u00e9pondre \u00e0 la question :\u00a0 <span style=\"color: #800000;\">Comment cet apprentissage est-il possible&#8230;<\/span><br \/>\nD&rsquo;abord, le corps physique est le premier capteur de l\u2019intuition. Nous le savons lorsque nous disons \u00ab je ne peux pas le sentir \u00bb ou \u00ab j\u2019ai la chair de poule \u00bb. C\u2019est lui qui nous avertit spontan\u00e9ment pour nous permettre d&rsquo;agir et de faire des choix.<br \/>\nH\u00e9las, les informations qu\u2019il nous donne naturellement d\u00e9passent rarement le stade du feu rouge ou du feu vert. C&rsquo;est mieux que rien, mais il est possible<span style=\"color: #800000;\"> d&rsquo;aller beaucoup plus loin.<\/span><\/p>\n<h2><span style=\"color: #993300;\">Comment Interroger ses ressentis \u00e0 travers les 5 sens ?<br \/>\n<\/span><\/h2>\n<p><span style=\"color: #993300;\"><br \/>\n<\/span><span style=\"color: #993300;\">\u00ab\u00a0Boule dans la gorge\u00a0\u00bb\u00a0<strong> \u00ab\u00a0<\/strong>sensation d\u2019\u00e9tau\u00a0\u00bb, c\u2019est d\u2019abord avec leur corps que mes \u00e9l\u00e8ves ont pu voir le lieu myst\u00e8re\u2026<\/span><strong><br \/>\n<\/strong>Ils ont ressenti le <span style=\"color: #993300;\">froid<\/span>, eu les <span style=\"color: #993300;\">pieds mouill\u00e9s<\/span>, ont entendu un <span style=\"color: #993300;\">bruit d\u2019eau<\/span>, ont trouv\u00e9 l\u2019\u00e9pisode de l\u2019incendie du b\u00e2timent\u00a0 gr\u00e2ce \u00e0 une <span style=\"color: #993300;\">br\u00fblure <\/span>dans les mains, une crise de larmes ou \u00e0 une <span style=\"color: #993300;\">pression sur les pommettes.<\/span><\/p>\n<h3><strong><span style=\"color: #993300;\">Comment obtenir ce r\u00e9sultat\u00a0?<\/span><\/strong><\/h3>\n<p>En apprenant \u00e0 utiliser son corps comme un capteur int\u00e9rieur pour recueillir des sensations <span style=\"color: #993300;\">physiques <\/span>(ou\u00efe, go\u00fbt, odorat, vue, toucher) qui indiquent progressivement des sensations en relation avec le lieu ou la personne myst\u00e8re.<\/p>\n<h3><strong><span style=\"color: #993300;\">Apprendre \u00e0 interroger ses \u00e9motions&#8230;<\/span><\/strong><\/h3>\n<p><span style=\"color: #993300;\">La tristesse, l\u2019abandon, la peur, la solitude ont<\/span> envahi mes \u00e9l\u00e8ves \u00e0 la simple vue de la fen\u00eatre, car je leur ai expliqu\u00e9 comment devenir une caisse de r\u00e9sonance pour des \u00e9motions\u2026 qui ne sont pas les leurs. Du calme du monast\u00e8re au stress du bataillon d\u2019\u00e9lite &#8230; en passant par l\u2019ivresse du vainqueur la confiance du nouveau-n\u00e9 ou la paix du sage, les exemples propos\u00e9s leur permettent d\u2019apprendre \u00e0 reconna\u00eetre des \u00e9motions particuli\u00e8res qui, peu \u00e0 peu, dessinent les contours de la chose qu\u2019ils chercheront \u00e0 percevoir, dans le pr\u00e9sent ou le futur.<\/p>\n<h2><strong><span style=\"color: #993300;\">Comment percevoir des sensations qui sont celles des autres ?<\/span><\/strong><\/h2>\n<p>En pratiquant des exercices qui d\u00e9veloppent <span style=\"color: #800000;\">l\u2019empathie&#8230;<\/span> Mais comme c\u2019est le deuxi\u00e8me stade de la m\u00e9thode, parlons du premier \u2026<\/p>\n<h3><strong><span style=\"color: #993300;\">Apprendre \u00e0 se souvenir&#8230;<br \/>\n<\/span><\/strong><\/h3>\n<p>Parce que les informations <span style=\"color: #800000;\">obtenues en clairvoyance ressemblent \u00e0 des souvenirs<\/span> (1) plus ou moins pr\u00e9cis, il s\u2019agit de se relier \u00e0 l\u2019enfant -que chacun a \u00e9t\u00e9 -en se rem\u00e9morant des \u00e9pisodes de sa vie de famille, scolaire ou amicale. Mes \u00e9l\u00e8ves ont une r\u00e9action de surprise en retrouvant certains d\u00e9tails : ils revoient la couleur de leurs chaussures le jour de leur entr\u00e9e en sixi\u00e8me et leur grand-m\u00e8re venant les chercher \u00e0 la maternelle en sentant son parfum <em>comme s<\/em><em>\u2019ils y \u00e9taient<\/em><em>.<\/em><\/p>\n<p>J\u2019ai appel\u00e9 cette forme de rem\u00e9moration la <span style=\"color: #800000;\"><em>m\u00e9moire exp\u00e9rimentale<\/em> <\/span>car elle m\u00eale des \u00e9l\u00e9ments objectifs \u2013 le nom d\u2019un lieu de vacances, d\u2019un instituteur- avec des \u00e9motions ou des sensations subjectives \u2013 la joie, la fiert\u00e9, la peur etc\u2026 &#8211; g\u00e9n\u00e9ralement ray\u00e9es de la carte des souvenirs &#8211; mais qui rejaillissent pourtant avec profondeur et intensit\u00e9.<br \/>\n<span style=\"color: #800000;\">Ce type de rem\u00e9moration construit peu \u00e0 peu l\u2019\u00e9tat de conscience \u00e9motionnel et corporel n\u00e9cessaire pour ressentir des informations \u00e9trang\u00e8res \u00e0 sa propre histoire <span style=\"color: #999999;\"><span style=\"color: #808080;\">et se<\/span> <\/span><\/span>couper du mental et de ses pr\u00e9occupations pour \u00eatre \u00e0 leur \u00e9coute.<br \/>\nComme dans <em>La fen\u00eatre myst\u00e8re<\/em> \u00a0<span style=\"color: #993300;\"> c\u2019est \u00e0 travers la m\u00e9moire des cinq sens que le sixi\u00e8me s\u2019exprime <\/span>: les souvenirs profonds et les \u00e9motions de chacun(e)s, tels des crayons de couleur diff\u00e9rents, permettent de dessiner la cible.<\/p>\n<h3><span style=\"color: #993300;\"><strong>Comment \u00ab\u00a0devenir l\u2019autre\u00a0\u00bb en cultivant son empathie ?<\/strong><br \/>\n<\/span><\/h3>\n<p>Impossible de voir <span style=\"color: #800000;\">sans oubli total de l\u2019\u00e9go <span style=\"color: #333300;\">pendant l&rsquo;exercice.<\/span><\/span><br \/>\nPour devenir l\u2019autre, j\u2019apprends \u00e0 mes \u00e9l\u00e8ves \u00e0 mimer des animaux et des v\u00e9g\u00e9taux pour exp\u00e9rimenter le monde \u00e0 travers eux. <span style=\"color: #800000;\">Pas seulement \u00e0 imaginer ce qu&rsquo;ils ressentent, mais \u00e0 les incorporer.<\/span> Cette m\u00e9tamorphose en animal -qui existe depuis le pal\u00e9olithique- est universelle dans les pratiques chamaniques, comme le montre ci-dessous <span style=\"color: #333333;\"><span style=\"color: #808080;\">la plus ancienne repr\u00e9sentation connue d&rsquo;un chaman sib\u00e9rien r\u00e9alis\u00e9e par l&rsquo;explorateur n\u00e9erlandais Nicolaes Witsen, qui a \u00e9crit un r\u00e9cit de ses voyages parmi les peuples parlant le samoy\u00e8de et le tungusi en 1692. Devenir empathique est donc la cl\u00e9 du succ\u00e8s.<\/span><\/span><\/p>\n<div id=\"attachment_980\" style=\"width: 886px\" class=\"wp-caption aligncenter\"><img loading=\"lazy\" decoding=\"async\" aria-describedby=\"caption-attachment-980\" class=\"wp-image-980 size-large\" src=\"https:\/\/ecolemaudkristen.com\/blog\/wp-content\/uploads\/2023\/09\/Photo-a-inserer-dans-larticle--1024x636.jpg\" alt=\"\" width=\"876\" height=\"544\" srcset=\"https:\/\/ecolemaudkristen.com\/blog\/wp-content\/uploads\/2023\/09\/Photo-a-inserer-dans-larticle--1024x636.jpg 1024w, https:\/\/ecolemaudkristen.com\/blog\/wp-content\/uploads\/2023\/09\/Photo-a-inserer-dans-larticle--300x186.jpg 300w, https:\/\/ecolemaudkristen.com\/blog\/wp-content\/uploads\/2023\/09\/Photo-a-inserer-dans-larticle--768x477.jpg 768w, https:\/\/ecolemaudkristen.com\/blog\/wp-content\/uploads\/2023\/09\/Photo-a-inserer-dans-larticle--1536x954.jpg 1536w, https:\/\/ecolemaudkristen.com\/blog\/wp-content\/uploads\/2023\/09\/Photo-a-inserer-dans-larticle--2048x1273.jpg 2048w, https:\/\/ecolemaudkristen.com\/blog\/wp-content\/uploads\/2023\/09\/Photo-a-inserer-dans-larticle--600x373.jpg 600w\" sizes=\"auto, (max-width: 876px) 100vw, 876px\" \/><p id=\"caption-attachment-980\" class=\"wp-caption-text\">R5HR45 The earliest known depiction of a Siberian shaman, produced by the Dutch explorer Nicolaes Witsen, who authored an account of his travels among Samoyedic and Tungusi speaking peoples in 1692. Witsen labelled the illustration as a \u00ab\u00a0Priest of the Devil\u00a0\u00bb and gave this figure clawed feat to highlight his demonic qualities. Noord en Oost Tartarye, ofte bondig ontwerp van eenige dier landen en volken, welke voormaels bekent zijn geweest &#8230; Tweede druk. Amsterdam, 1705. Nicolaas Witsen, 1641-1717. Source: G.7025.<\/p><\/div>\n<p>Une fois la m\u00e9moire exp\u00e9rimentale d\u00e9velopp\u00e9e, et la capacit\u00e9 \u00e0 devenir l\u2019autre acquise, tout est pr\u00eat pour le grand saut : il suffira de toucher l\u2019\u00e9cran de l\u2019ordinateur avec l&rsquo;index, de passer sa main sur une photo ou de poser celle-ci sur le ventre, le front ou la nuque pour <span style=\"color: #800000;\">commencer \u00e0 percevoir\u2026 des \u00e9motions et des sensations li\u00e9es \u00e0 une personne ou \u00e0 un lieu.<\/span><br \/>\nC&rsquo;est \u00e0 ce moment-l\u00e0 que surgissent \u00e9galement des pens\u00e9es ou des mots, mais sous une forme particuli\u00e8re, li\u00e9e elle aussi \u00e0 la m\u00e9moire&#8230;<\/p>\n<h2><span style=\"color: #993300;\"><strong>Par quel autre canal peut s&rsquo;exprimer le 6\u00e8me sens ?<\/strong><br \/>\n<\/span><\/h2>\n<p>Car la clairvoyance s\u2019exprime \u00e9galement \u00e0 travers notre bagage culturel : nos chansons pr\u00e9f\u00e9r\u00e9es, les films et les s\u00e9ries que nous avons aim\u00e9s, les livres que nous avons lus ou les \u00e9v\u00e8nements qui nous ont marqu\u00e9s :<\/p>\n<h5 style=\"text-align: center;\"><span style=\"color: #00ccff; font-size: 15px;\">Pour d\u00e9couvrir le s\u00e9minaire qui commence bient\u00f4t, cliquez ci-dessous<\/span><\/h5>\n<p style=\"text-align: center;\"><button style=\"text-align: center; background: #ffffff; border: 3px solid #00A7CC; border-radius: 3px; padding: 10px 30px; font-weight: bold; color: #000000; display: inline-block;\"><a href=\"https:\/\/ecolemaudkristen.com\/seminaire-clairvoyance\/\"><span style=\"color: #00a7cc; font-size: 18px; text-transform: uppercase;\">Le s\u00e9minaire Clairvoyance<\/span><\/a><\/button><\/p>\n<p>Comme il m\u2019a fallu faire un choix pour la vid\u00e9o, je n\u2019ai pas pu garder ni d\u00e9velopper toutes les m\u00e9taphores, notamment certaines r\u00e9f\u00e9rences culturelles ou historiques collectives \u2026\u00a0\u00a0 Certaines vous surprendront par leur justesse :<\/p>\n<p><span style=\"color: #c00000;\"><span style=\"color: #993300;\">Un fait divers proche de la cible &#8230;<\/span><br \/>\n<\/span><\/p>\n<p style=\"font-size: 22px;\"><em><i>\u00ab\u00a0<span>L&rsquo;image qui m&rsquo;est venue<\/span> c&rsquo;\u00e9tait un\u00a0peu <span>comme le film o\u00f9 on a <\/span><span style=\"color: #993300;\">tu\u00e9 tous ces jeunes gens-l\u00e0<\/span><span>\u00a0sur l&rsquo;\u00eele en su\u00e8de ou en Norv\u00e8ge<\/span> je ne sais plus quel pays c&rsquo;\u00e9tait, <span>le 21 juillet&#8230;\u00a0\u00bb<br \/>\n<\/span><\/i><\/em><\/p>\n<p><span style=\"color: #800000;\">Une \u00e9l\u00e8ve a per\u00e7u la fin tragique de certains \u00e9l\u00e8ves<\/span> du pensionnat \u00e0 travers le drame de l\u2019\u00eele d\u2019Utoya en Norv\u00e8ge. En juillet 2011, un fanatique a ouvert le feu sur un groupe de jeunes qui participaient \u00e0 l&rsquo;universit\u00e9 d&rsquo;\u00e9t\u00e9 du Parti travailliste, provoquant une soixantaine de morts et plus de 200 bless\u00e9s, dont certains avaient fui \u00e0 la nage, parfois sans succ\u00e8s. Cette attaque terroriste \u2013 la plus meurtri\u00e8re commise en Norv\u00e8ge- a fait l\u2019objet de plusieurs fictions, dont le sc\u00e9nario <em>de 22 July<\/em>, le film de Paul Greengrass. Ind\u00e9pendamment de l\u2019intention criminelle, la pr\u00e9sence de l\u2019eau et l\u2019isolement du lieu ont leur importance car, selon les t\u00e9moignages des survivants autochtones, certains pensionnaires se seraient noy\u00e9s par d\u00e9sespoir dans l\u2019eau glac\u00e9e.<\/p>\n<div style=\"display: flex;\">\n<div class=\"wp-caption aligncenter\">\n<p><img loading=\"lazy\" decoding=\"async\" class=\"aligncenter wp-image-953 size-full\" src=\"https:\/\/ecolemaudkristen.com\/blog\/wp-content\/uploads\/2023\/09\/\u00a9-Netflix-France-490.jpg\" alt=\"\" width=\"414\" height=\"490\" srcset=\"https:\/\/ecolemaudkristen.com\/blog\/wp-content\/uploads\/2023\/09\/\u00a9-Netflix-France-490.jpg 414w, https:\/\/ecolemaudkristen.com\/blog\/wp-content\/uploads\/2023\/09\/\u00a9-Netflix-France-490-253x300.jpg 253w\" sizes=\"auto, (max-width: 414px) 100vw, 414px\" \/><\/p>\n<p id=\"caption-attachment-936\" class=\"wp-caption-text\">\u00a9 Netflix France<br \/>\nL\u2019\u00eele d\u2019Utoya<\/p>\n<\/div>\n<div class=\"wp-caption aligncenter\">\n<p><img loading=\"lazy\" decoding=\"async\" class=\"aligncenter wp-image-950 size-full\" src=\"https:\/\/ecolemaudkristen.com\/blog\/wp-content\/uploads\/2023\/09\/pensionnat.png\" alt=\"\" width=\"414\" height=\"500\" srcset=\"https:\/\/ecolemaudkristen.com\/blog\/wp-content\/uploads\/2023\/09\/pensionnat.png 414w, https:\/\/ecolemaudkristen.com\/blog\/wp-content\/uploads\/2023\/09\/pensionnat-248x300.png 248w\" sizes=\"auto, (max-width: 414px) 100vw, 414px\" \/><\/p>\n<p id=\"caption-attachment-937\" class=\"wp-caption-text\">\u00a9 Fifth Estate 2022.<br \/>\nLe pensionnat<\/p>\n<\/div>\n<\/div>\n<p>La notion de prise d\u2019otage est int\u00e9ressante : non seulement les pensionnats \u00e9taient obligatoires &#8211; les parents r\u00e9fractaires \u00e9taient punis de peines de prison- <span style=\"color: #800000;\">mais des milliers d\u2019enfants sont morts dans leurs murs ou en tentant de s\u2019en \u00e9chapper.<\/span> Une part de rage et de folie collective se serait-elle empar\u00e9e de certains religieux comme les survivants le laisse entendre ?<\/p>\n<p><span style=\"color: #993300;\">\u00a0Quand les flashes de voyance des \u00e9l\u00e8ves ressemblent aux d\u00e9tails essentiels d\u2019un tableau :<\/span><\/p>\n<p><em>\u00ab\u00a0J\u2019ai eu deux mots qui me sont venus : <span style=\"color: #993300;\">noblesse et royaut\u00e9 <\/span>\u00ab\u00a0<\/em><\/p>\n<p>En tant que chef d\u2019\u00c9tat du Canada, La Reine Elizabeth, peu de temps avant son d\u00e9c\u00e8s, a fait l\u2019objet d\u2019une demande de r\u00e9parations mat\u00e9rielles de la part des repr\u00e9sentants des communaut\u00e9s autochtones. Consid\u00e9r\u00e9e comme complice du syst\u00e8me des pensionnats, sa statue a \u00e9galement \u00e9t\u00e9 renvers\u00e9e en signe de protestation \u00e0 la suite de la d\u00e9couverte des tombes\u2026<\/p>\n<div id=\"attachment_933\" style=\"width: 430px\" class=\"wp-caption aligncenter\"><img loading=\"lazy\" decoding=\"async\" aria-describedby=\"caption-attachment-933\" class=\"wp-image-933\" src=\"https:\/\/ecolemaudkristen.com\/blog\/wp-content\/uploads\/2023\/09\/Reine-Eli.-CBC-News.-The-national.-1-1024x752.jpg\" alt=\"\" width=\"420\" height=\"308\" srcset=\"https:\/\/ecolemaudkristen.com\/blog\/wp-content\/uploads\/2023\/09\/Reine-Eli.-CBC-News.-The-national.-1-1024x752.jpg 1024w, https:\/\/ecolemaudkristen.com\/blog\/wp-content\/uploads\/2023\/09\/Reine-Eli.-CBC-News.-The-national.-1-300x220.jpg 300w, https:\/\/ecolemaudkristen.com\/blog\/wp-content\/uploads\/2023\/09\/Reine-Eli.-CBC-News.-The-national.-1-768x564.jpg 768w, https:\/\/ecolemaudkristen.com\/blog\/wp-content\/uploads\/2023\/09\/Reine-Eli.-CBC-News.-The-national.-1-1536x1127.jpg 1536w, https:\/\/ecolemaudkristen.com\/blog\/wp-content\/uploads\/2023\/09\/Reine-Eli.-CBC-News.-The-national.-1-2048x1503.jpg 2048w, https:\/\/ecolemaudkristen.com\/blog\/wp-content\/uploads\/2023\/09\/Reine-Eli.-CBC-News.-The-national.-1-600x440.jpg 600w\" sizes=\"auto, (max-width: 420px) 100vw, 420px\" \/><p id=\"caption-attachment-933\" class=\"wp-caption-text\">\u00a9 C.B.C News.<br \/>Le portrait de la Reine Elizabeth dans les salles de classes<\/p><\/div>\n<p>&nbsp;<\/p>\n<div id=\"attachment_935\" style=\"width: 430px\" class=\"wp-caption aligncenter\"><img loading=\"lazy\" decoding=\"async\" aria-describedby=\"caption-attachment-935\" class=\"wp-image-935\" src=\"https:\/\/ecolemaudkristen.com\/blog\/wp-content\/uploads\/2023\/09\/\u00a9-Guardian-Youtube-video-.-1-1024x567.png\" alt=\"\" width=\"420\" height=\"233\" srcset=\"https:\/\/ecolemaudkristen.com\/blog\/wp-content\/uploads\/2023\/09\/\u00a9-Guardian-Youtube-video-.-1-1024x567.png 1024w, https:\/\/ecolemaudkristen.com\/blog\/wp-content\/uploads\/2023\/09\/\u00a9-Guardian-Youtube-video-.-1-300x166.png 300w, https:\/\/ecolemaudkristen.com\/blog\/wp-content\/uploads\/2023\/09\/\u00a9-Guardian-Youtube-video-.-1-768x425.png 768w, https:\/\/ecolemaudkristen.com\/blog\/wp-content\/uploads\/2023\/09\/\u00a9-Guardian-Youtube-video-.-1-600x332.png 600w, https:\/\/ecolemaudkristen.com\/blog\/wp-content\/uploads\/2023\/09\/\u00a9-Guardian-Youtube-video-.-1.png 1372w\" sizes=\"auto, (max-width: 420px) 100vw, 420px\" \/><p id=\"caption-attachment-935\" class=\"wp-caption-text\">\u00a9 Guardian.<br \/>La statue d\u2019Elizabeth II renvers\u00e9e par des autochtones \u00e0 Winnipeg en juillet 2021.<\/p><\/div>\n<p style=\"text-align: center;\"><button style=\"text-align: center; background: #ffffff; border: 3px solid #00A7CC; border-radius: 3px; padding: 10px 30px; font-weight: bold; color: #000000; display: inline-block;\"><a href=\"https:\/\/ecolemaudkristen.com\/qui-est-maud-kristen\/\"><span style=\"color: #00a7cc; font-size: 18px; text-transform: uppercase;\">DECOUVRIR MAUD KRISTEN<\/span><\/a><\/button><\/p>\n<p>&nbsp;<\/p>\n<p><span style=\"color: #993300;\">Peter Pan, une r\u00e9f\u00e9rence doublement juste.<\/span><\/p>\n<p><em>\u00ab\u00a0J\u2019avais l\u2019impression d\u2019un <\/em><span style=\"color: #c00000;\"><em><span style=\"color: #993300;\">Peter Pan<\/span> <\/em><\/span><em>qui avait un peu cette <\/em><span style=\"color: #993300;\"><em>malignit\u00e9<\/em><\/span><em>\u2026\u00a0\u00bb<\/em><\/p>\n<p>Vous pensiez comme moi que<span style=\"color: #800000;\"> Peter Pan<\/span> \u00e9tait un aventurier, un bon petit gars qui ne voulait pas grandir et adorait voler au secours des enfants ? Cette version sympathique, popularis\u00e9e par Walt Disney dans les ann\u00e9es cinquante est pourtant aux antipodes du personnage d\u2019origine\u2026<br \/>\nIntrigu\u00e9e par l\u2019expression bizarre <em>\u00ab\u00a0Un<\/em> <em>Peter Pan plein de malignit\u00e9 \u00a0\u00bb\u00a0<\/em> j\u2019ai d\u00e9couvert que le <span style=\"color: #800000;\">Peter Pan d\u2019origine, n\u00e9 sous la plume de James Matthew Barry<\/span> en 1911 \u00e9tait un tyran \u00e9go\u00efste r\u00eavant d\u2019\u00e9liminer le plus grand nombre d\u2019adultes possible. Et qu\u2019il n\u2019h\u00e9sitait pas non plus \u00e0 supprimer les enfants alors qu\u2019ils grandissaient et voulaient quitter Neverland.<br \/>\nCe n\u2019est que progressivement, \u00e0 travers la r\u00e9\u00e9criture constante de son \u0153uvre par l\u2019auteur, que le personnage s\u2019est m\u00e9tamorphos\u00e9 jusqu\u2019\u00e0 devenir celui que nous connaissons.<\/p>\n<div id=\"attachment_934\" style=\"width: 305px\" class=\"wp-caption aligncenter\"><img loading=\"lazy\" decoding=\"async\" aria-describedby=\"caption-attachment-934\" class=\"wp-image-934\" src=\"https:\/\/ecolemaudkristen.com\/blog\/wp-content\/uploads\/2023\/09\/Peter-Pan-1.png\" alt=\"\" width=\"295\" height=\"460\" srcset=\"https:\/\/ecolemaudkristen.com\/blog\/wp-content\/uploads\/2023\/09\/Peter-Pan-1.png 580w, https:\/\/ecolemaudkristen.com\/blog\/wp-content\/uploads\/2023\/09\/Peter-Pan-1-192x300.png 192w\" sizes=\"auto, (max-width: 295px) 100vw, 295px\" \/><p id=\"caption-attachment-934\" class=\"wp-caption-text\">Le Peter Pan original cr\u00e9e par J.M Barrie.<\/p><\/div>\n<div id=\"attachment_932\" style=\"width: 886px\" class=\"wp-caption aligncenter\"><img loading=\"lazy\" decoding=\"async\" aria-describedby=\"caption-attachment-932\" class=\"size-large wp-image-932\" src=\"https:\/\/ecolemaudkristen.com\/blog\/wp-content\/uploads\/2023\/09\/Peter-Pan-1924.-1-1024x575.jpg\" alt=\"\" width=\"876\" height=\"492\" srcset=\"https:\/\/ecolemaudkristen.com\/blog\/wp-content\/uploads\/2023\/09\/Peter-Pan-1924.-1-1024x575.jpg 1024w, https:\/\/ecolemaudkristen.com\/blog\/wp-content\/uploads\/2023\/09\/Peter-Pan-1924.-1-300x169.jpg 300w, https:\/\/ecolemaudkristen.com\/blog\/wp-content\/uploads\/2023\/09\/Peter-Pan-1924.-1-768x431.jpg 768w, https:\/\/ecolemaudkristen.com\/blog\/wp-content\/uploads\/2023\/09\/Peter-Pan-1924.-1-600x337.jpg 600w, https:\/\/ecolemaudkristen.com\/blog\/wp-content\/uploads\/2023\/09\/Peter-Pan-1924.-1.jpg 1200w\" sizes=\"auto, (max-width: 876px) 100vw, 876px\" \/><p id=\"caption-attachment-932\" class=\"wp-caption-text\">Peter Pan, Film d\u2019 Herbert Brenon , Famous Players-Lasky Corporation, 1924.<\/p><\/div>\n<p>&nbsp;<\/p>\n<h2><span style=\"color: #993300;\">EST-IL DANGEREUX DE D\u00c9VELOPPER SON 6<sup>\u00e8me<\/sup> SENS\u00a0?<\/span><\/h2>\n<p>Nous sommes loin des fum\u00e9es inhal\u00e9es par l\u2019Oracle de Delphes : la m\u00e9thode de relaxation utilis\u00e9e pour accompagner ces transformations est simplement bas\u00e9e sur la prise de conscience de l\u2019air pendant la respiration. Inspir\u00e9e par diff\u00e9rentes techniques de d\u00e9veloppement personnel, elle aide \u00e0 se centrer pour devenir plus r\u00e9ceptif. <span style=\"color: #800000;\">Les exercices propos\u00e9s permettant de percevoir de nombreuses informations exactes, le seul danger -pour soi et pour les autres- est de les utiliser sans \u00e9thique.<\/span><\/p>\n<p>C\u2019est la raison pour laquelle <span style=\"color: #800000;\">j\u2019ai \u00e9labor\u00e9 cette <a href=\"https:\/\/ecolemaudkristen.com\/5-regles-avant-de-commencer-le-voyage-la-charte-de-bonne-conduite\/\">charte de bonne conduite<\/a>.<\/span><\/p>\n<p>Comme pour atteindre les r\u00e9sultats de mes \u00e9l\u00e8ves, le 6<sup>\u00e8me<\/sup> sens doit \u00eatre stimul\u00e9, je vous propose de commencer tout de suite car j\u2019ai<span style=\"color: #993300;\">\u00a0pr\u00e9par\u00e9 \u2013 pour tous ! \u2013 un lieu myst\u00e8re dont la photo est dans une enveloppe\u2026<\/span><\/p>\n<p>Voulez-vous <span style=\"color: #c00000;\"><span style=\"color: #993300;\">tenter l\u2019exp\u00e9rience ?<\/span>\u00a0<\/span> C\u2019est par <a href=\"https:\/\/ecolemaudkristen.com\/?page_id=227100\"><span style=\"color: #c00000;\">ici<\/span>\u00a0<\/a><\/p>\n<p>&nbsp;<\/p>\n<p style=\"text-align: center;\"><button style=\"text-align: center; background: #ffffff; border: 3px solid #00A7CC; border-radius: 3px; padding: 10px 30px; font-weight: bold; color: #000000; display: inline-block;\"><a href=\"https:\/\/ecolemaudkristen.com\"><span style=\"color: #00a7cc; font-size: 18px; text-transform: uppercase;\">En savoir plus<\/span><\/a><\/button><\/p>\n<p>Bon exercice \u00e0 tous et peut-\u00eatre \u00e0 bient\u00f4t,<\/p>\n<p>Maud Kristen.<\/p>\n<p>1) Pour comprendre les liens entre la voyance et la m\u00e9moire je vous conseille <span style=\"color: #800000;\"><em>Proust Voyant<\/em> le dernier livre de Bertrand M\u00e9heust<\/span> qui \u00e9tablit un lien entre la c\u00e9l\u00e8bre \u00ab\u00a0Madeleine\u00a0\u00bb et les capacit\u00e9s extrasensorielles de l&rsquo;\u00e9crivain ( \u00c9ditions Vue de l&rsquo;esprit, 2023).<\/p>\n","protected":false},"excerpt":{"rendered":"<p>Comment se fier \u00e0 son intuition pour prendre des d\u00e9cisions ? &nbsp; Vous&#8230;<\/p>\n","protected":false},"author":1,"featured_media":0,"comment_status":"closed","ping_status":"open","sticky":false,"template":"","format":"standard","meta":{"footnotes":""},"categories":[14],"tags":[12],"class_list":["post-930","post","type-post","status-publish","format-standard","hentry","category-articles-maud-kristen","tag-clairvoyance"],"aioseo_notices":[],"_links":{"self":[{"href":"https:\/\/ecolemaudkristen.com\/blog\/index.php?rest_route=\/wp\/v2\/posts\/930","targetHints":{"allow":["GET"]}}],"collection":[{"href":"https:\/\/ecolemaudkristen.com\/blog\/index.php?rest_route=\/wp\/v2\/posts"}],"about":[{"href":"https:\/\/ecolemaudkristen.com\/blog\/index.php?rest_route=\/wp\/v2\/types\/post"}],"author":[{"embeddable":true,"href":"https:\/\/ecolemaudkristen.com\/blog\/index.php?rest_route=\/wp\/v2\/users\/1"}],"replies":[{"embeddable":true,"href":"https:\/\/ecolemaudkristen.com\/blog\/index.php?rest_route=%2Fwp%2Fv2%2Fcomments&post=930"}],"version-history":[{"count":52,"href":"https:\/\/ecolemaudkristen.com\/blog\/index.php?rest_route=\/wp\/v2\/posts\/930\/revisions"}],"predecessor-version":[{"id":983,"href":"https:\/\/ecolemaudkristen.com\/blog\/index.php?rest_route=\/wp\/v2\/posts\/930\/revisions\/983"}],"wp:attachment":[{"href":"https:\/\/ecolemaudkristen.com\/blog\/index.php?rest_route=%2Fwp%2Fv2%2Fmedia&parent=930"}],"wp:term":[{"taxonomy":"category","embeddable":true,"href":"https:\/\/ecolemaudkristen.com\/blog\/index.php?rest_route=%2Fwp%2Fv2%2Fcategories&post=930"},{"taxonomy":"post_tag","embeddable":true,"href":"https:\/\/ecolemaudkristen.com\/blog\/index.php?rest_route=%2Fwp%2Fv2%2Ftags&post=930"}],"curies":[{"name":"wp","href":"https:\/\/api.w.org\/{rel}","templated":true}]}}