{"id":671,"date":"2023-02-27T03:37:41","date_gmt":"2023-02-27T02:37:41","guid":{"rendered":"https:\/\/ecolemaudkristen.com\/blog\/?p=671"},"modified":"2023-02-27T17:14:57","modified_gmt":"2023-02-27T16:14:57","slug":"intuition-ou-6-e-sens-quelle-difference","status":"publish","type":"post","link":"https:\/\/ecolemaudkristen.com\/blog\/?p=671","title":{"rendered":"Intuition ou sixi\u00e8me sens\u00a0: quelle diff\u00e9rence\u00a0?"},"content":{"rendered":"<p>&nbsp;<\/p>\n<p>Avez-vous entendu cette petite voix au fond de vous\u00a0? Fait des r\u00eaves pr\u00e9monitoires\u00a0?<br \/>\nVotre intuition vous a-t-elle pr\u00e9venu d\u2019un danger ou permis de faire le bon choix\u00a0?<br \/>\n<span style=\"color: #800000;\">Mais si l\u2019intuition a toujours raison, elle est aussi la jumelle de l\u2019illusion.<\/span><br \/>\nL\u2019intuition qui s\u2019exprime dans notre corps, n\u2019est pas la seule \u00e0 se manifester par ce biais : dans chaque avion en vol, combien de passagers dont les battements de c\u0153ur et les sueurs froides ne<br \/>\npr\u00e9disent pourtant rien de juste ?<br \/>\n<span style=\"color: #800000;\">Comment faire la diff\u00e9rence entre l\u2019intuition, nos obsessions, nos r\u00eaves ou nos traumatismes\u00a0?<\/span><br \/>\nL\u2019intuition que chacun a d\u00e9j\u00e0 rencontr\u00e9 n\u2019est que le premier stade du<span style=\"color: #800000;\"> 6\u00e8me sens\u2026\u00a0<\/span><br \/>\nEt <span style=\"color: #800000;\">apprendre \u00e0 se relier<\/span> <span style=\"color: #800000;\">\u00e0 celui-ci permet d\u2019aller beaucoup plus loin<\/span> que \u00ab\u00a0 j\u2019y vais\u00a0\u00bb ou \u00ab\u00a0je le sens<br \/>\npas\u00a0\u00bb\u00a0\u2026<br \/>\nSavez vous que des<span style=\"color: #800000;\"> femmes et des hommes \u00ab ordinaires \u00bb<\/span> r\u00e9ussissent \u00e0 d\u00e9crire l\u2019histoire d\u2019une<br \/>\npersonne ou d\u2019 un paysage dont la <span style=\"color: #800000;\">photo est cach\u00e9e dans une enveloppe opaque<\/span> alors qu\u2019ils s\u2019en<br \/>\npensaient incapables\u00a0? Et qu\u2019ils <span style=\"color: #800000;\">peuvent reproduire ces exp\u00e9riences extrasensorielles pour se<\/span><br \/>\n<span style=\"color: #800000;\">guider dans leur vie\u00a0ou percevoir les potentialit\u00e9s futures\u00a0d\u2019un projet ?<\/span><br \/>\n<span style=\"color: #800000;\">Oui, cette possibilit\u00e9 existe en chacun de nous et peut se d\u00e9velopper \u00e0 travers un apprentissage.<\/span><br \/>\nSi vous souhaitez en savoir plus sur ce potentiel inconnu, comprendre les raisons pour lesquelles<br \/>\nces facult\u00e9s sont sujettes \u00e0 caution malgr\u00e9 des exp\u00e9riences scientifiques r\u00e9ussies\u2026 mais aussi<br \/>\nd\u00e9couvrir les <span style=\"color: #800000;\">cons\u00e9quences r\u00e9volutionnaires que leur existence pourrait produire dans votre vie,<\/span><br \/>\ndans votre relation au vivant et dans la construction de votre avenir, je vous donne <span style=\"color: #800000;\">rendez-vous<\/span><br \/>\n<span style=\"color: #800000;\">en ligne avec Vertical Project le 15 mars 2023 \u00e0 20H.<\/span><\/p>\n<p>En savoir plus sur l\u2019\u00e9v\u00e8nement\u00a0:<br \/>\n<a href=\"https:\/\/vertical-project.com\/entretien-avec-maud-kristen-sujet-psi\/\">https:\/\/vertical-project.com\/entretien-avec-maud-kristen-sujet-psi\/<\/a><br \/>\nSur Facebook \u00a0: <a href=\"https:\/\/www.facebook.com\/events\/731799801490393\/?ref=newsfeed\">https:\/\/www.facebook.com\/events\/731799801490393\/?ref=newsfeed<\/a><\/p>\n<p>&nbsp;<\/p>\n<p><img loading=\"lazy\" decoding=\"async\" class=\"aligncenter wp-image-689 size-full\" src=\"https:\/\/ecolemaudkristen.com\/blog\/wp-content\/uploads\/2023\/02\/Vertical-project-856x480-1.png\" alt=\"\" width=\"856\" height=\"485\" srcset=\"https:\/\/ecolemaudkristen.com\/blog\/wp-content\/uploads\/2023\/02\/Vertical-project-856x480-1.png 856w, https:\/\/ecolemaudkristen.com\/blog\/wp-content\/uploads\/2023\/02\/Vertical-project-856x480-1-300x170.png 300w, https:\/\/ecolemaudkristen.com\/blog\/wp-content\/uploads\/2023\/02\/Vertical-project-856x480-1-768x435.png 768w, https:\/\/ecolemaudkristen.com\/blog\/wp-content\/uploads\/2023\/02\/Vertical-project-856x480-1-600x340.png 600w\" sizes=\"auto, (max-width: 856px) 100vw, 856px\" \/><\/p>\n","protected":false},"excerpt":{"rendered":"<p>&nbsp; Avez-vous entendu cette petite voix au fond de vous\u00a0? Fait des r\u00eaves&#8230;<\/p>\n","protected":false},"author":1,"featured_media":0,"comment_status":"closed","ping_status":"open","sticky":true,"template":"","format":"standard","meta":{"footnotes":""},"categories":[14,17],"tags":[],"class_list":["post-671","post","type-post","status-publish","format-standard","hentry","category-articles-maud-kristen","category-medias"],"aioseo_notices":[],"_links":{"self":[{"href":"https:\/\/ecolemaudkristen.com\/blog\/index.php?rest_route=\/wp\/v2\/posts\/671","targetHints":{"allow":["GET"]}}],"collection":[{"href":"https:\/\/ecolemaudkristen.com\/blog\/index.php?rest_route=\/wp\/v2\/posts"}],"about":[{"href":"https:\/\/ecolemaudkristen.com\/blog\/index.php?rest_route=\/wp\/v2\/types\/post"}],"author":[{"embeddable":true,"href":"https:\/\/ecolemaudkristen.com\/blog\/index.php?rest_route=\/wp\/v2\/users\/1"}],"replies":[{"embeddable":true,"href":"https:\/\/ecolemaudkristen.com\/blog\/index.php?rest_route=%2Fwp%2Fv2%2Fcomments&post=671"}],"version-history":[{"count":13,"href":"https:\/\/ecolemaudkristen.com\/blog\/index.php?rest_route=\/wp\/v2\/posts\/671\/revisions"}],"predecessor-version":[{"id":692,"href":"https:\/\/ecolemaudkristen.com\/blog\/index.php?rest_route=\/wp\/v2\/posts\/671\/revisions\/692"}],"wp:attachment":[{"href":"https:\/\/ecolemaudkristen.com\/blog\/index.php?rest_route=%2Fwp%2Fv2%2Fmedia&parent=671"}],"wp:term":[{"taxonomy":"category","embeddable":true,"href":"https:\/\/ecolemaudkristen.com\/blog\/index.php?rest_route=%2Fwp%2Fv2%2Fcategories&post=671"},{"taxonomy":"post_tag","embeddable":true,"href":"https:\/\/ecolemaudkristen.com\/blog\/index.php?rest_route=%2Fwp%2Fv2%2Ftags&post=671"}],"curies":[{"name":"wp","href":"https:\/\/api.w.org\/{rel}","templated":true}]}}